{"id":1082,"date":"2021-12-03T18:09:14","date_gmt":"2021-12-03T18:09:14","guid":{"rendered":"https:\/\/santonews.cl\/?p=1082"},"modified":"2021-12-03T18:09:15","modified_gmt":"2021-12-03T18:09:15","slug":"balacera-en-un-fiesta-masiva-en-santo-domingo-dejo-nueve-lesionados","status":"publish","type":"post","link":"https:\/\/santonews.cl\/?p=1082","title":{"rendered":"Balacera en un fiesta masiva en Santo Domingo dej\u00f3 nueve lesionados"},"content":{"rendered":"\n<p>La celebraci\u00f3n era con lista de invitados y, en horas de la madrugada, lleg\u00f3 un grupo de sujetos a los que se les impidi\u00f3 la entrada y estos abrieron fuego.<\/p>\n\n\n\n<p>No se registraron v\u00edctimas fatales.<\/p>\n\n\n\n<p><strong>Una balacera se registr\u00f3 en el exterior de una fiesta masiva<\/strong>&nbsp;registrada en horas de la madrugada en la comuna de Santo Domingo, Regi\u00f3n de Valpara\u00edso, donde&nbsp;<strong>nueve personas resultaron lesionadas<\/strong>.&nbsp;<\/p>\n\n\n\n<p>El hecho se registr\u00f3 en el sector de El Convento, donde se realizaba una fiesta de cumplea\u00f1os masiva, la cual fue promocionada a trav\u00e9s de redes sociales, se cobraba una entrada y&nbsp;<strong>contaba con una lista de invitados<\/strong>&nbsp;para ingresar al local.&nbsp;<\/p>\n\n\n\n<p>No obstante, lleg\u00f3 un grupo de sujetos que<strong>&nbsp;no estaba en dicha lista y se les impidi\u00f3 el ingreso<\/strong>&nbsp;cerca de las 05:00 de la madrugada,<strong>&nbsp;momento en el que abrieron fuego<\/strong>.&nbsp;<\/p>\n\n\n\n<p>&#8220;Individuos desconocidos ingresaron a esta y, por motivos que se investigan,<strong>&nbsp;realizaron disparos en contra de algunos j\u00f3venes<\/strong>. Estos se trasladaron por sus medios hasta el Hospital Claudio Vicu\u00f1a, lugar donde fueron atendidos. En total, fueron nueve lesionados&#8221;, detall\u00f3 el&nbsp;mayor de Carabineros Manuel Herrera.<\/p>\n\n\n\n<p><strong>No se registraron v\u00edctimas fatales<\/strong>\u00a0y, hasta el momento, no hay personas detenidas por este hecho.<\/p>\n\n\n\n<p><\/p>\n\n\n\n<p>fuente:https:\/\/cooperativa.cl\/noticias\/pais\/region-de-valparaiso\/balacera-en-un-fiesta-masiva-en-santo-domingo-dejo-nueve-lesionados\/2021-11-28\/134607.html<\/p>\n","protected":false},"excerpt":{"rendered":"<p>La celebraci\u00f3n era con lista de invitados y, en horas de la madrugada, lleg\u00f3 un grupo de sujetos a los que se les impidi\u00f3 la entrada y estos abrieron fuego. No se&#8230;<\/p>\n","protected":false},"author":1,"featured_media":709,"comment_status":"closed","ping_status":"closed","sticky":false,"template":"","format":"standard","meta":{"footnotes":""},"categories":[7],"tags":[],"class_list":["post-1082","post","type-post","status-publish","format-standard","has-post-thumbnail","hentry","category-noticias"],"_links":{"self":[{"href":"https:\/\/santonews.cl\/index.php?rest_route=\/wp\/v2\/posts\/1082","targetHints":{"allow":["GET"]}}],"collection":[{"href":"https:\/\/santonews.cl\/index.php?rest_route=\/wp\/v2\/posts"}],"about":[{"href":"https:\/\/santonews.cl\/index.php?rest_route=\/wp\/v2\/types\/post"}],"author":[{"embeddable":true,"href":"https:\/\/santonews.cl\/index.php?rest_route=\/wp\/v2\/users\/1"}],"replies":[{"embeddable":true,"href":"https:\/\/santonews.cl\/index.php?rest_route=%2Fwp%2Fv2%2Fcomments&post=1082"}],"version-history":[{"count":1,"href":"https:\/\/santonews.cl\/index.php?rest_route=\/wp\/v2\/posts\/1082\/revisions"}],"predecessor-version":[{"id":1083,"href":"https:\/\/santonews.cl\/index.php?rest_route=\/wp\/v2\/posts\/1082\/revisions\/1083"}],"wp:featuredmedia":[{"embeddable":true,"href":"https:\/\/santonews.cl\/index.php?rest_route=\/wp\/v2\/media\/709"}],"wp:attachment":[{"href":"https:\/\/santonews.cl\/index.php?rest_route=%2Fwp%2Fv2%2Fmedia&parent=1082"}],"wp:term":[{"taxonomy":"category","embeddable":true,"href":"https:\/\/santonews.cl\/index.php?rest_route=%2Fwp%2Fv2%2Fcategories&post=1082"},{"taxonomy":"post_tag","embeddable":true,"href":"https:\/\/santonews.cl\/index.php?rest_route=%2Fwp%2Fv2%2Ftags&post=1082"}],"curies":[{"name":"wp","href":"https:\/\/api.w.org\/{rel}","templated":true}]}}