{"id":1062,"date":"2021-11-15T14:08:23","date_gmt":"2021-11-15T14:08:23","guid":{"rendered":"https:\/\/santonews.cl\/?p=1062"},"modified":"2021-11-15T14:09:02","modified_gmt":"2021-11-15T14:09:02","slug":"en-santo-domingo-se-realizara-un-laboratorio-gratuito-de-arte-ciencia-y-aromas","status":"publish","type":"post","link":"https:\/\/santonews.cl\/?p=1062","title":{"rendered":"Programa Quiero Mi Barrio permitir\u00e1 inversi\u00f3n de $800 millones en Santo Domingo"},"content":{"rendered":"\n<p><\/p>\n\n\n\n<p>Los sectores de Maitenes, Las Hortensias y La Hornilla se ver\u00e1n beneficiados con la iniciativa que permite a los vecinos participar en los proyectos para mejorar sus barrios.<\/p>\n\n\n\n<figure class=\"wp-block-image\"><a href=\"https:\/\/img.soy-chile.cl\/Fotos\/2021\/11\/08\/file_20211108165625.jpg\"><img decoding=\"async\" src=\"https:\/\/img.soy-chile.cl\/Fotos\/2021\/11\/08\/file_20211108165625.jpg\" alt=\"\" title=\"\"\/><\/a><\/figure>\n\n\n\n<p>Con una inversi\u00f3n de $800 millones se ver\u00e1n beneficiados los sectores de Las Hortensias, Maitenes y La Hornilla, en Santo Domingo, gracias al Programa Quiero Mi Barrio. Se trata de proyectos que buscan mejorar la calidad de vida de los vecinos, implicando un trabajo colaborativo para satisfacer las necesidades del barrio. Se contempla mejoras de pavimentos, espacios p\u00fablicos, sedes sociales, canchas, entre otros.<\/p>\n\n\n\n<p>Para lanzar el proyecto, lleg\u00f3 hasta la comuna el seremi de Vivienda y Urbanismo, Felipe Vergara. La actividad cont\u00f3 tambi\u00e9n con la presencia del alcalde, Dino Lotito, la Delegada Presidencial, Gabriela Alcalde; el Consejero Regional, Roy Crichton, junto a concejales y vecinos beneficiados<\/p>\n\n\n\n<p>Al respecto, el alcalde indic\u00f3 que \u201cde quince comunas que postularon, solamente cinco fueron las beneficiadas en la regi\u00f3n, esto es un gran orgullo y una muy importante oportunidad para los vecinos quienes van a participar activamente durante estos tres a\u00f1os que estar\u00e1 el programa en la comuna\u201d.<\/p>\n\n\n\n<p><\/p>\n\n\n\n<p><\/p>\n\n\n\n<p><\/p>\n\n\n\n<p><\/p>\n\n\n\n<p><\/p>\n\n\n\n<p><\/p>\n\n\n\n<p>Fuente: soychile.cl &#8211;&nbsp;<a href=\"https:\/\/www.soychile.cl\/San-Antonio\/Sociedad\/2021\/11\/08\/731193\/quiero-mi-barrio-santo-domingo.aspx\">https:\/\/www.soychile.cl\/San-Antonio\/Sociedad\/2021\/11\/08\/731193\/quiero-mi-barrio-santo-domingo.aspx<\/a><\/p>\n","protected":false},"excerpt":{"rendered":"<p>Los sectores de Maitenes, Las Hortensias y La Hornilla se ver\u00e1n beneficiados con la iniciativa que permite a los vecinos participar en los proyectos para mejorar sus barrios. Con una inversi\u00f3n de&#8230;<\/p>\n","protected":false},"author":1,"featured_media":336,"comment_status":"closed","ping_status":"closed","sticky":false,"template":"","format":"standard","meta":{"footnotes":""},"categories":[7],"tags":[],"class_list":["post-1062","post","type-post","status-publish","format-standard","has-post-thumbnail","hentry","category-noticias"],"_links":{"self":[{"href":"https:\/\/santonews.cl\/index.php?rest_route=\/wp\/v2\/posts\/1062","targetHints":{"allow":["GET"]}}],"collection":[{"href":"https:\/\/santonews.cl\/index.php?rest_route=\/wp\/v2\/posts"}],"about":[{"href":"https:\/\/santonews.cl\/index.php?rest_route=\/wp\/v2\/types\/post"}],"author":[{"embeddable":true,"href":"https:\/\/santonews.cl\/index.php?rest_route=\/wp\/v2\/users\/1"}],"replies":[{"embeddable":true,"href":"https:\/\/santonews.cl\/index.php?rest_route=%2Fwp%2Fv2%2Fcomments&post=1062"}],"version-history":[{"count":2,"href":"https:\/\/santonews.cl\/index.php?rest_route=\/wp\/v2\/posts\/1062\/revisions"}],"predecessor-version":[{"id":1064,"href":"https:\/\/santonews.cl\/index.php?rest_route=\/wp\/v2\/posts\/1062\/revisions\/1064"}],"wp:featuredmedia":[{"embeddable":true,"href":"https:\/\/santonews.cl\/index.php?rest_route=\/wp\/v2\/media\/336"}],"wp:attachment":[{"href":"https:\/\/santonews.cl\/index.php?rest_route=%2Fwp%2Fv2%2Fmedia&parent=1062"}],"wp:term":[{"taxonomy":"category","embeddable":true,"href":"https:\/\/santonews.cl\/index.php?rest_route=%2Fwp%2Fv2%2Fcategories&post=1062"},{"taxonomy":"post_tag","embeddable":true,"href":"https:\/\/santonews.cl\/index.php?rest_route=%2Fwp%2Fv2%2Ftags&post=1062"}],"curies":[{"name":"wp","href":"https:\/\/api.w.org\/{rel}","templated":true}]}}