{"id":1046,"date":"2021-11-04T00:10:06","date_gmt":"2021-11-04T00:10:06","guid":{"rendered":"https:\/\/santonews.cl\/?p=1046"},"modified":"2021-11-04T00:10:08","modified_gmt":"2021-11-04T00:10:08","slug":"cartagena-y-santo-domingo-a-fase-2","status":"publish","type":"post","link":"https:\/\/santonews.cl\/?p=1046","title":{"rendered":"Cartagena y Santo Domingo a fase 2"},"content":{"rendered":"\n<p>El Ministerio de salud informo los cambios en la regi\u00f3n de Valpara\u00edso de acuerdo al plan paso a paso.<\/p>\n\n\n\n<p>Nuevamente esta semana retroceden tres comunas, Santo Domingo y Cartagena a fase 2 de transici\u00f3n. Mientras que Conc\u00f3n a fase 3 de preparaci\u00f3n.<\/p>\n\n\n\n<p><\/p>\n\n\n\n<blockquote class=\"twitter-tweet\"><p lang=\"es\" dir=\"ltr\">\ud83d\udea8Desde el mi\u00e9rcoles 3 de noviembre a las 05:00 horas:<br><br>\u2b07\ufe0f <a href=\"https:\/\/twitter.com\/hashtag\/Conc%C3%B3n?src=hash&amp;ref_src=twsrc%5Etfw\">#Conc\u00f3n<\/a> retrocede a Paso 3 <a href=\"https:\/\/twitter.com\/hashtag\/Preparaci%C3%B3n?src=hash&amp;ref_src=twsrc%5Etfw\">#Preparaci\u00f3n<\/a>.<br>\u2b07\ufe0f <a href=\"https:\/\/twitter.com\/hashtag\/Cartagena?src=hash&amp;ref_src=twsrc%5Etfw\">#Cartagena<\/a> y <a href=\"https:\/\/twitter.com\/hashtag\/SantoDomingo?src=hash&amp;ref_src=twsrc%5Etfw\">#SantoDomingo<\/a> retroceden al Paso 2 <a href=\"https:\/\/twitter.com\/hashtag\/Transici%C3%B3n?src=hash&amp;ref_src=twsrc%5Etfw\">#Transici\u00f3n<\/a>.<br>\u2b06\ufe0f <a href=\"https:\/\/twitter.com\/hashtag\/Llayllay?src=hash&amp;ref_src=twsrc%5Etfw\">#Llayllay<\/a> avanza al Paso 4 <a href=\"https:\/\/twitter.com\/hashtag\/AperturaInicial?src=hash&amp;ref_src=twsrc%5Etfw\">#AperturaInicial<\/a>.<br><br>\ud83c\udf10Para m\u00e1s informaci\u00f3n visita el sitio web <a href=\"https:\/\/t.co\/aXtOfoDFP4\">https:\/\/t.co\/aXtOfoDFP4<\/a> <a href=\"https:\/\/t.co\/ddis4QNJBf\">pic.twitter.com\/ddis4QNJBf<\/a><\/p>&mdash; Seremi de Salud Regi\u00f3n Valpara\u00edso (@SaludSsrv) <a href=\"https:\/\/twitter.com\/SaludSsrv\/status\/1455223212363509761?ref_src=twsrc%5Etfw\">November 1, 2021<\/a><\/blockquote> <script async src=\"https:\/\/platform.twitter.com\/widgets.js\" charset=\"utf-8\"><\/script>\n","protected":false},"excerpt":{"rendered":"<p>El Ministerio de salud informo los cambios en la regi\u00f3n de Valpara\u00edso de acuerdo al plan paso a paso. Nuevamente esta semana retroceden tres comunas, Santo Domingo y Cartagena a fase 2&#8230;<\/p>\n","protected":false},"author":1,"featured_media":913,"comment_status":"closed","ping_status":"closed","sticky":false,"template":"","format":"standard","meta":{"footnotes":""},"categories":[7],"tags":[],"class_list":["post-1046","post","type-post","status-publish","format-standard","has-post-thumbnail","hentry","category-noticias"],"_links":{"self":[{"href":"https:\/\/santonews.cl\/index.php?rest_route=\/wp\/v2\/posts\/1046","targetHints":{"allow":["GET"]}}],"collection":[{"href":"https:\/\/santonews.cl\/index.php?rest_route=\/wp\/v2\/posts"}],"about":[{"href":"https:\/\/santonews.cl\/index.php?rest_route=\/wp\/v2\/types\/post"}],"author":[{"embeddable":true,"href":"https:\/\/santonews.cl\/index.php?rest_route=\/wp\/v2\/users\/1"}],"replies":[{"embeddable":true,"href":"https:\/\/santonews.cl\/index.php?rest_route=%2Fwp%2Fv2%2Fcomments&post=1046"}],"version-history":[{"count":1,"href":"https:\/\/santonews.cl\/index.php?rest_route=\/wp\/v2\/posts\/1046\/revisions"}],"predecessor-version":[{"id":1047,"href":"https:\/\/santonews.cl\/index.php?rest_route=\/wp\/v2\/posts\/1046\/revisions\/1047"}],"wp:featuredmedia":[{"embeddable":true,"href":"https:\/\/santonews.cl\/index.php?rest_route=\/wp\/v2\/media\/913"}],"wp:attachment":[{"href":"https:\/\/santonews.cl\/index.php?rest_route=%2Fwp%2Fv2%2Fmedia&parent=1046"}],"wp:term":[{"taxonomy":"category","embeddable":true,"href":"https:\/\/santonews.cl\/index.php?rest_route=%2Fwp%2Fv2%2Fcategories&post=1046"},{"taxonomy":"post_tag","embeddable":true,"href":"https:\/\/santonews.cl\/index.php?rest_route=%2Fwp%2Fv2%2Ftags&post=1046"}],"curies":[{"name":"wp","href":"https:\/\/api.w.org\/{rel}","templated":true}]}}