{"id":1040,"date":"2021-10-14T13:19:24","date_gmt":"2021-10-14T13:19:24","guid":{"rendered":"https:\/\/santonews.cl\/?p=1040"},"modified":"2021-10-14T13:20:35","modified_gmt":"2021-10-14T13:20:35","slug":"corte-ordena-paralizar-faena-de-extraccion-de-aridos-en-navidad-y-en-santodomingo","status":"publish","type":"post","link":"https:\/\/santonews.cl\/?p=1040","title":{"rendered":"Corte ordena paralizar faena de extracci\u00f3n de \u00e1ridos en Navidad y en #SantoDomingo?"},"content":{"rendered":"\n<p>El tribunal de alzada orden\u00f3 que el proyecto deber\u00e1 someterse al Sistema de Evaluaci\u00f3n de Impacto Ambiental (SEIA).<img decoding=\"async\" alt=\"Corte ordena paralizar faena de extracci\u00f3n de \u00e1ridos en Navidad\" src=\"https:\/\/www.cooperativa.cl\/noticias\/site\/artic\/20210803\/imag\/foto_0000000120210803211049.jpg\">Foto:&nbsp;Referencial<\/p>\n\n\n\n<p><\/p>\n\n\n\n<p>La Corte de Apelaciones de Rancagua acogi\u00f3 el&nbsp;<strong>recurso de protecci\u00f3n<\/strong>&nbsp;deducido por el presidente de la junta de vecinos de La Polcura, comuna de Navidad, y le orden\u00f3 a la empresa Maestranza y Planta de \u00c1ridos R\u00edo Maipo S.A&nbsp;<strong>paralizar<\/strong>&nbsp;los trabajos de extracci\u00f3n de \u00e1ridos y someter el proyecto que desarrolla en la Ruta I-194, kil\u00f3metro 3.800, al Sistema de Evaluaci\u00f3n de Impacto Ambiental (SEIA).<\/p>\n\n\n\n<p>En fallo un\u00e1nime, la segunda sala del tribunal de alzada&nbsp;estableci\u00f3 que los trabajos permanecer\u00e1n&nbsp;<strong>detenidos<\/strong>&nbsp;hasta que el proyecto cuente con todos los permisos ambientales y sectoriales para operar.<\/p>\n\n\n\n<p>&#8220;Dado que existen razones que permiten<strong>&nbsp;presumir<\/strong>&nbsp;que la extracci\u00f3n de \u00e1ridos desarrollada por la recurrida&nbsp;<strong>es superior a la establecida en la normativa legal y reglamentaria<\/strong>, detallada en los art\u00edculos 10 de la Ley 19.300 y 3\u00b0 letra i) numeral 5 del Reglamento del Sistema de Evaluaci\u00f3n de Impacto Ambiental, s\u00f3lo cabe concluir, en base a los principios preventivo y precautorio que rigen en materia ambiental, que al menos debi\u00f3 evaluarse el ingreso de la actividad extractiva ejecutada por la recurrida, al Sistema de Evaluaci\u00f3n de Impacto Ambiental (SEIA)&#8221;, puntualiza el documento.https:\/\/imasdk.googleapis.com\/js\/core\/bridge3.485.1_en.html#goog_1296665458<\/p>\n\n\n\n<p>La resoluci\u00f3n puntualiza que &#8220;que, de esta manera, resulta manifiesto concluir que el actuar de la recurrida debe calificarse como ilegal, lo que justifica acoger el presente recurso, pues la falta de sometimiento al sistema de evaluaci\u00f3n ambiental\u00a0<strong>supone al menos una afectaci\u00f3n al derecho de los recurrentes vecinos del sector La Polcura<\/strong>&#8220;.<\/p>\n\n\n\n<p><\/p>\n\n\n\n<p><a href=\"https:\/\/www.cooperativa.cl\/noticias\/pais\/region-de-ohiggins\/corte-ordena-paralizar-faena-de-extraccion-de-aridos-en-navidad\/2021-08-03\/211049.html\">https:\/\/www.cooperativa.cl\/noticias\/pais\/region-de-ohiggins\/corte-ordena-paralizar-faena-de-extraccion-de-aridos-en-navidad\/2021-08-03\/211049.html<\/a><\/p>\n","protected":false},"excerpt":{"rendered":"<p>El tribunal de alzada orden\u00f3 que el proyecto deber\u00e1 someterse al Sistema de Evaluaci\u00f3n de Impacto Ambiental (SEIA).Foto:&nbsp;Referencial La Corte de Apelaciones de Rancagua acogi\u00f3 el&nbsp;recurso de protecci\u00f3n&nbsp;deducido por el presidente de&#8230;<\/p>\n","protected":false},"author":1,"featured_media":460,"comment_status":"closed","ping_status":"closed","sticky":false,"template":"","format":"standard","meta":{"footnotes":""},"categories":[7],"tags":[],"class_list":["post-1040","post","type-post","status-publish","format-standard","has-post-thumbnail","hentry","category-noticias"],"_links":{"self":[{"href":"https:\/\/santonews.cl\/index.php?rest_route=\/wp\/v2\/posts\/1040","targetHints":{"allow":["GET"]}}],"collection":[{"href":"https:\/\/santonews.cl\/index.php?rest_route=\/wp\/v2\/posts"}],"about":[{"href":"https:\/\/santonews.cl\/index.php?rest_route=\/wp\/v2\/types\/post"}],"author":[{"embeddable":true,"href":"https:\/\/santonews.cl\/index.php?rest_route=\/wp\/v2\/users\/1"}],"replies":[{"embeddable":true,"href":"https:\/\/santonews.cl\/index.php?rest_route=%2Fwp%2Fv2%2Fcomments&post=1040"}],"version-history":[{"count":2,"href":"https:\/\/santonews.cl\/index.php?rest_route=\/wp\/v2\/posts\/1040\/revisions"}],"predecessor-version":[{"id":1042,"href":"https:\/\/santonews.cl\/index.php?rest_route=\/wp\/v2\/posts\/1040\/revisions\/1042"}],"wp:featuredmedia":[{"embeddable":true,"href":"https:\/\/santonews.cl\/index.php?rest_route=\/wp\/v2\/media\/460"}],"wp:attachment":[{"href":"https:\/\/santonews.cl\/index.php?rest_route=%2Fwp%2Fv2%2Fmedia&parent=1040"}],"wp:term":[{"taxonomy":"category","embeddable":true,"href":"https:\/\/santonews.cl\/index.php?rest_route=%2Fwp%2Fv2%2Fcategories&post=1040"},{"taxonomy":"post_tag","embeddable":true,"href":"https:\/\/santonews.cl\/index.php?rest_route=%2Fwp%2Fv2%2Ftags&post=1040"}],"curies":[{"name":"wp","href":"https:\/\/api.w.org\/{rel}","templated":true}]}}