{"id":1030,"date":"2021-10-04T14:13:05","date_gmt":"2021-10-04T14:13:05","guid":{"rendered":"https:\/\/santonews.cl\/?p=1030"},"modified":"2021-10-14T13:21:22","modified_gmt":"2021-10-14T13:21:22","slug":"escuela-de-santo-domingo-organizo-campana-solidaria-para-entregar-utiles-de-aseo-a-pacientes-del-hospital-claudio-vicuna","status":"publish","type":"post","link":"https:\/\/santonews.cl\/?p=1030","title":{"rendered":"Escuela de Santo Domingo organiz\u00f3 campa\u00f1a solidaria para entregar \u00fatiles de aseo a pacientes del Hospital Claudio Vicu\u00f1a"},"content":{"rendered":"\n<p>Los alumnos de la escuela rural Padre Alberto Hurtado de la localidad de Las Salinas, en la comuna de Santo Domingo, organizaron una campa\u00f1a solidaria junto a sus padres, apoderados y los vecinos de esa localidad para entregar art\u00edculos de aseo a los pacientes de la Unidad de Cuidados Medios (UCM) del Hospital Claudio Vicu\u00f1a de San Antonio.<\/p>\n\n\n\n<p>Brenda Abarca, directora escuela unidocente, que tiene 16 alumnos de primero a sexto b\u00e1sico, indic\u00f3 que \u201cuno de los sellos que tiene nuestra escuela es la solidaridad, los que trabajamos de forma transversal y todos los a\u00f1os en agosto realizamos campa\u00f1as solidarias, y este a\u00f1o decidimos realizar una ayuda a aquellos enfermos de escasos recursos\u201d.<\/p>\n\n\n\n<p>Esta no es la primera vez que se acercan al hospital. En abril pasado celebraron el D\u00eda del Libro creando distintos poemas dedicados a los trabajadores y trabajadoras del centro asistencial.<\/p>\n\n\n\n<p>A trav\u00e9s de una carta explicaron por qu\u00e9 decidieron rendir tributo a los funcionarios de la salud: \u201cA diario observamos las noticias de c\u00f3mo su trabajo se ha vuelto muy intenso y desafiante en estos tiempos de pandemia\u201d, dicen en la misiva.<\/p>\n\n\n\n<p>\u201cEn nuestra escuela celebramos el D\u00eda del Libro, el cual este a\u00f1o quisi\u00e9ramos dedic\u00e1rselos a ustedes, a trav\u00e9s de nuestras creaciones literarias. En ellas expresamos nuestros agradecimientos por la valent\u00eda, cari\u00f1o y dedicaci\u00f3n con la que enfrentan a diario su labor. Sabemos que muchas veces han tenido que dejar su vida personal de lado, pero siguen ah\u00ed al pie del ca\u00f1\u00f3n y eso es motivo de orgullo para nosotros\u201d, agrega.<\/p>\n\n\n\n<p><\/p>\n\n\n\n<p><\/p>\n\n\n\n<figure class=\"wp-block-embed is-type-wp-embed is-provider-hospital-claudio-vicuna wp-block-embed-hospital-claudio-vicuna\"><div class=\"wp-block-embed__wrapper\">\n<blockquote class=\"wp-embedded-content\" data-secret=\"ihYLLNQeF6\"><a href=\"https:\/\/hcv.cl\/HCV2\/2021\/09\/28\/escuela-de-santo-domingo-organizo-campana-solidaria-para-entregar-utiles-de-aseo-a-pacientes-del-hospital-claudio-vicuna\/\">Escuela de Santo Domingo organiz\u00f3 campa\u00f1a solidaria para entregar \u00fatiles de aseo a pacientes del Hospital Claudio Vicu\u00f1a<\/a><\/blockquote><iframe loading=\"lazy\" class=\"wp-embedded-content\" sandbox=\"allow-scripts\" security=\"restricted\" style=\"position: absolute; clip: rect(1px, 1px, 1px, 1px);\" title=\"\u00abEscuela de Santo Domingo organiz\u00f3 campa\u00f1a solidaria para entregar \u00fatiles de aseo a pacientes del Hospital Claudio Vicu\u00f1a\u00bb \u2014 Hospital Claudio Vicu\u00f1a\" src=\"https:\/\/hcv.cl\/HCV2\/2021\/09\/28\/escuela-de-santo-domingo-organizo-campana-solidaria-para-entregar-utiles-de-aseo-a-pacientes-del-hospital-claudio-vicuna\/embed\/#?secret=ihYLLNQeF6\" data-secret=\"ihYLLNQeF6\" width=\"600\" height=\"338\" frameborder=\"0\" marginwidth=\"0\" marginheight=\"0\" scrolling=\"no\"><\/iframe>\n<\/div><\/figure>\n","protected":false},"excerpt":{"rendered":"<p>Los alumnos de la escuela rural Padre Alberto Hurtado de la localidad de Las Salinas, en la comuna de Santo Domingo, organizaron una campa\u00f1a solidaria junto a sus padres, apoderados y los&#8230;<\/p>\n","protected":false},"author":1,"featured_media":851,"comment_status":"closed","ping_status":"closed","sticky":false,"template":"","format":"standard","meta":{"footnotes":""},"categories":[7],"tags":[],"class_list":["post-1030","post","type-post","status-publish","format-standard","has-post-thumbnail","hentry","category-noticias"],"_links":{"self":[{"href":"https:\/\/santonews.cl\/index.php?rest_route=\/wp\/v2\/posts\/1030","targetHints":{"allow":["GET"]}}],"collection":[{"href":"https:\/\/santonews.cl\/index.php?rest_route=\/wp\/v2\/posts"}],"about":[{"href":"https:\/\/santonews.cl\/index.php?rest_route=\/wp\/v2\/types\/post"}],"author":[{"embeddable":true,"href":"https:\/\/santonews.cl\/index.php?rest_route=\/wp\/v2\/users\/1"}],"replies":[{"embeddable":true,"href":"https:\/\/santonews.cl\/index.php?rest_route=%2Fwp%2Fv2%2Fcomments&post=1030"}],"version-history":[{"count":1,"href":"https:\/\/santonews.cl\/index.php?rest_route=\/wp\/v2\/posts\/1030\/revisions"}],"predecessor-version":[{"id":1031,"href":"https:\/\/santonews.cl\/index.php?rest_route=\/wp\/v2\/posts\/1030\/revisions\/1031"}],"wp:featuredmedia":[{"embeddable":true,"href":"https:\/\/santonews.cl\/index.php?rest_route=\/wp\/v2\/media\/851"}],"wp:attachment":[{"href":"https:\/\/santonews.cl\/index.php?rest_route=%2Fwp%2Fv2%2Fmedia&parent=1030"}],"wp:term":[{"taxonomy":"category","embeddable":true,"href":"https:\/\/santonews.cl\/index.php?rest_route=%2Fwp%2Fv2%2Fcategories&post=1030"},{"taxonomy":"post_tag","embeddable":true,"href":"https:\/\/santonews.cl\/index.php?rest_route=%2Fwp%2Fv2%2Ftags&post=1030"}],"curies":[{"name":"wp","href":"https:\/\/api.w.org\/{rel}","templated":true}]}}