{"id":1027,"date":"2021-10-04T14:10:42","date_gmt":"2021-10-04T14:10:42","guid":{"rendered":"https:\/\/santonews.cl\/?p=1027"},"modified":"2021-10-04T14:10:43","modified_gmt":"2021-10-04T14:10:43","slug":"brote-de-covid-en-el-hospital-claudio-vicuna-ya-suma-34-contagios-y-40-contactos","status":"publish","type":"post","link":"https:\/\/santonews.cl\/?p=1027","title":{"rendered":"Brote de Covid en el Hospital Claudio Vicu\u00f1a, ya suma 34 contagios y 40 contactos"},"content":{"rendered":"\n<p><img loading=\"lazy\" decoding=\"async\" height=\"16\" width=\"16\" alt=\"\u27a1\ufe0f\" src=\"https:\/\/static.xx.fbcdn.net\/images\/emoji.php\/v9\/t9e\/1\/16\/27a1.png\"> Autoridades confirmaron un brote de COVID-19 en el Hospital Claudio Vicu\u00f1a de San Antonio, regi\u00f3n de Valpara\u00edso. Son 34 personas contagiadas.<\/p>\n\n\n\n<p> Desde la Multigremial del establecimiento, mostraron su preocupaci\u00f3n ante la posible presencia de la variante Delta.<\/p>\n\n\n\n<p>Mientras, La Seremi de Salud de la regi\u00f3n de Valpara\u00edso, est\u00e1 realizando una investigaci\u00f3n epidemiol\u00f3gica, luego de notificar estos casos de contagio al interior de dicho recinto de salud de San Antonio<\/p>\n\n\n\n<p>.<img loading=\"lazy\" decoding=\"async\" height=\"16\" width=\"16\" alt=\"\u27a1\ufe0f\" src=\"https:\/\/static.xx.fbcdn.net\/images\/emoji.php\/v9\/t9e\/1\/16\/27a1.png\">De acuerdo con la informaci\u00f3n que ha entregado la autoridad sanitaria, de los 34 casos, 17 corresponden a funcionarios del recinto y otros 17 son pacientes del establecimiento.<\/p>\n\n\n\n<p><img loading=\"lazy\" decoding=\"async\" height=\"16\" width=\"16\" alt=\"\u27a1\ufe0f\" src=\"https:\/\/static.xx.fbcdn.net\/images\/emoji.php\/v9\/t9e\/1\/16\/27a1.png\">Todos los contagiados est\u00e1n realizando su respectivo aislamiento. Adem\u00e1s, se inform\u00f3 que se han establecido 40 contactos estrechos.<\/p>\n\n\n\n<p><\/p>\n\n\n\n<p><\/p>\n\n\n\n<p>Fuente : https:\/\/web.facebook.com\/REDNOTICIASVR\/photos\/a.2307953929327542\/4111072832348967\/<\/p>\n\n\n\n<p>Gracias REDNOTICIASVR por seguir informando a la comunidad<\/p>\n","protected":false},"excerpt":{"rendered":"<p>Autoridades confirmaron un brote de COVID-19 en el Hospital Claudio Vicu\u00f1a de San Antonio, regi\u00f3n de Valpara\u00edso. Son 34 personas contagiadas. Desde la Multigremial del establecimiento, mostraron su preocupaci\u00f3n ante la posible&#8230;<\/p>\n","protected":false},"author":1,"featured_media":1028,"comment_status":"closed","ping_status":"closed","sticky":false,"template":"","format":"standard","meta":{"footnotes":""},"categories":[7],"tags":[],"class_list":["post-1027","post","type-post","status-publish","format-standard","has-post-thumbnail","hentry","category-noticias"],"_links":{"self":[{"href":"https:\/\/santonews.cl\/index.php?rest_route=\/wp\/v2\/posts\/1027","targetHints":{"allow":["GET"]}}],"collection":[{"href":"https:\/\/santonews.cl\/index.php?rest_route=\/wp\/v2\/posts"}],"about":[{"href":"https:\/\/santonews.cl\/index.php?rest_route=\/wp\/v2\/types\/post"}],"author":[{"embeddable":true,"href":"https:\/\/santonews.cl\/index.php?rest_route=\/wp\/v2\/users\/1"}],"replies":[{"embeddable":true,"href":"https:\/\/santonews.cl\/index.php?rest_route=%2Fwp%2Fv2%2Fcomments&post=1027"}],"version-history":[{"count":1,"href":"https:\/\/santonews.cl\/index.php?rest_route=\/wp\/v2\/posts\/1027\/revisions"}],"predecessor-version":[{"id":1029,"href":"https:\/\/santonews.cl\/index.php?rest_route=\/wp\/v2\/posts\/1027\/revisions\/1029"}],"wp:featuredmedia":[{"embeddable":true,"href":"https:\/\/santonews.cl\/index.php?rest_route=\/wp\/v2\/media\/1028"}],"wp:attachment":[{"href":"https:\/\/santonews.cl\/index.php?rest_route=%2Fwp%2Fv2%2Fmedia&parent=1027"}],"wp:term":[{"taxonomy":"category","embeddable":true,"href":"https:\/\/santonews.cl\/index.php?rest_route=%2Fwp%2Fv2%2Fcategories&post=1027"},{"taxonomy":"post_tag","embeddable":true,"href":"https:\/\/santonews.cl\/index.php?rest_route=%2Fwp%2Fv2%2Ftags&post=1027"}],"curies":[{"name":"wp","href":"https:\/\/api.w.org\/{rel}","templated":true}]}}