{"id":1012,"date":"2021-09-23T18:31:48","date_gmt":"2021-09-23T18:31:48","guid":{"rendered":"https:\/\/santonews.cl\/?p=1012"},"modified":"2021-09-23T18:36:12","modified_gmt":"2021-09-23T18:36:12","slug":"abren-licitaciones-de-13-servicios-de-transporte-escolar-gratuito-en-la-region-de-valparaiso-santo-domingo","status":"publish","type":"post","link":"https:\/\/santonews.cl\/?p=1012","title":{"rendered":"Abren licitaciones de 13 servicios de transporte escolar gratuito en la regi\u00f3n de Valpara\u00edso- Santo Domingo"},"content":{"rendered":"\n<p><meta charset=\"utf-8\"><strong>ESCUELA B\u00c1SICA CLAUDIO VICU\u00d1A<\/strong><\/p>\n\n\n\n<p>Para garantizar que m\u00e1s de 700 estudiantes de localidades apartadas y rurales de la Regi\u00f3n de Valpara\u00edso accedan a sus establecimientos educacionales en 2022, el Ministerio de Transportes y Telecomunicaciones inici\u00f3 un proceso de licitaci\u00f3n p\u00fablica para implementar 13 servicios gratuitos de transporte escolar.<\/p>\n\n\n\n<div class=\"wp-block-image\"><figure class=\"alignright\"><img decoding=\"async\" src=\"https:\/\/i2.wp.com\/g5noticias.cl\/wp-content\/uploads\/2021\/09\/CTE1686_vehiculo.jpg?resize=300%2C169&amp;ssl=1\" alt=\"\" class=\"wp-image-168052\"\/><\/figure><\/div>\n\n\n\n<p>Durante este llamado de licitaci\u00f3n, la cartera encabezada por la Ministra Gloria Hutt destinar\u00e1 369 millones de pesos anuales para dar continuidad a estos servicios del Programa de Transporte Escolar Gratuito, que entregar\u00e1n conectividad a estudiantes de 9 comunas de la regi\u00f3n.<\/p>\n\n\n\n<p>El Seremi de Transportes y Telecomunicaciones, Jos\u00e9 Emilio Guzm\u00e1n, manifest\u00f3 que este concurso viene a dar continuidad a Servicios que ya han estado operando durante los \u00faltimos a\u00f1os en las comunas de Cabildo, Con Con, La Ligua, Puchuncav\u00ed, Quilpu\u00e9, Rinconada, San Felipe, Santo Domingo y Valpara\u00edso, \u201cpor tanto, son Servicios que no pueden dejar de entregarse puesto que son m\u00e1s de 700 familias que cuentan con que sus hijos e hijas puedan trasladarse desde y hasta sus establecimientos educacionales con un transporte escolar seguro que le proporciona el gobierno\u201d. Adem\u00e1s, la autoridad regional hizo un llamado para que los operadores interesados postulen dentro de los plazos establecidos: \u201ces de esperar que la mayor cantidad de transportistas escolares postulen dentro de este mes, puesto que las ofertas se reciben hasta el d\u00eda 29 de septiembre\u201d, se\u00f1al\u00f3.Reproductor de audio00:0000:00<a href=\"javascript:void(0);\">Utiliza las teclas de flecha arriba\/abajo para aumentar o disminuir el volumen.<\/a><\/p>\n\n\n\n<p><strong><em>Jos\u00e9 Emilio Guzm\u00e1n<\/em><\/strong><\/p>\n\n\n\n<p>Esta iniciativa entrega un subsidio a quienes operan estos recorridos, el cual queda establecido por contrato entre el MTT y los due\u00f1os de buses o furgones, lo que permite garantizar a los alumnos beneficiados que contar\u00e1n con locomoci\u00f3n durante todo el a\u00f1o escolar sin costo econ\u00f3mico para sus familias.<\/p>\n\n\n\n<p>La nueva licitaci\u00f3n incluye s\u00f3lo una fracci\u00f3n del total de los servicios de Transporte Escolar Gratuito que operar\u00e1n en 2022 en la Regi\u00f3n de Valpara\u00edso porque existen otros 45 recorridos que tienen contrato vigente con el MTT para continuar su funcionamiento el pr\u00f3ximo a\u00f1o.<\/p>\n\n\n\n<p>En total, ser\u00e1n 3.164 los estudiantes de sectores apartados y rurales de la regi\u00f3n beneficiados con 58 servicios de Transporte Escolar Gratuito, subsidiados con recursos del Fondo Espejo durante 2022.<\/p>\n\n\n\n<p>El proceso de recepci\u00f3n de ofertas para este llamado finalizar\u00e1 el 29 de septiembre. Los transportistas interesados, que cumplan con los requisitos para operar este tipo de servicios, pueden postular completamente online en el sitio&nbsp;<a href=\"https:\/\/dtpr.mtt.gob.cl\/ConsultaLicitaciones\/WebPage\/TE\/inicio.aspx\">https:\/\/dtpr.mtt.gob.cl\/ConsultaLicitaciones\/WebPage\/TE\/inicio.aspx<\/a>.<\/p>\n\n\n\n<p><strong>CronOgrama primer llamado de licitaci\u00f3n 2022<\/strong><\/p>\n\n\n\n<p><strong>servicios primer llamado de licitaci\u00f3n transporte escolar gratuito 2022, REGI\u00d3N de Valpara\u00edso<\/strong><\/p>\n\n\n\n<figure class=\"wp-block-table\"><table><tbody><tr><td><strong>REGI\u00d3N<\/strong><\/td><td><strong>SERVICIOS<\/strong><\/td><td><strong>ALUMNOS<\/strong><\/td><td><strong>SUBSIDIO ANUAL<\/strong><\/td><\/tr><tr><td><strong>VALPARA\u00cdSO<\/strong><\/td><td>13<\/td><td>703<\/td><td>$369.000.000<\/td><\/tr><\/tbody><\/table><\/figure>\n\n\n\n<p><strong>LISTADO servicios primer llamado de licitaci\u00f3n transporte escolar gratuito 2022, regi\u00f3n de Valpara\u00edso<\/strong><\/p>\n\n\n\n<figure class=\"wp-block-table\"><table><tbody><tr><td><strong>ID<\/strong><\/td><td><strong>COMUNA(S)<\/strong><\/td><td><strong>ESTABLECIMIENTO(S)<\/strong><\/td><td><strong>ALUMNOS<\/strong><\/td><\/tr><tr><td>CTE1481<\/td><td>CABILDO<\/td><td>LICEO Y ESCUELA MUNICIPAL\/LICEO BICENTENARIO T\u00c9CNICO PROFESIONAL DE MINER\u00cdA<\/td><td>42<\/td><\/tr><tr><td>CTE1946<\/td><td>CABILDO<\/td><td>LICEO Y ESCUELA MUNICIPAL\/LICEO BICENTENARIO T\u00c9CNICO PROFESIONAL DE MINER\u00cdA<\/td><td>121<\/td><\/tr><tr><td>CTE1288<\/td><td>CONC\u00d3N<\/td><td>ESCUELA B\u00c1SICA PUENTE COLMO<\/td><td>57<\/td><\/tr><tr><td>CTE1493<\/td><td>LA LIGUA<\/td><td>COLEGIO ADONAY PUKALAN\/COLEGIO LUIS CRUZ MART\u00cdNEZ\/COLEGIO MAESE DA VINCI\/ESCUELA GABRIELA MISTRAL\/LICEO PULMAHUE DE LA LIGUA&nbsp; \/COLEGIO DOMINGO ORTIZ DE ROSAS<\/td><td>40<\/td><\/tr><tr><td>CTE1298<\/td><td>PUCHUNCAV\u00cd<\/td><td>COLEGIO GENERAL JOS\u00c9 VEL\u00c1SQUEZ B\u00d3RQUEZ<\/td><td>48<\/td><\/tr><tr><td>CTE1450<\/td><td>QUILPU\u00c9<\/td><td>ESCUELA DELFINA ALARC\u00d3N HENR\u00cdQUEZ<\/td><td>57<\/td><\/tr><tr><td>CTE1854<\/td><td>QUILPU\u00c9<\/td><td>ESCUELA LOS MOLLES DE MARGA MARGA<\/td><td>51<\/td><\/tr><tr><td>CTE1514<\/td><td>RINCONADA<\/td><td>ESCUELA B\u00c1SICA EMIGDIO GALDAMES ROBLES\/ESCUELA B\u00c1SICA MANUEL LE\u00d3N SALINAS<\/td><td>15<\/td><\/tr><tr><td>CTE1580<\/td><td>SAN FELIPE<\/td><td>ESCUELA ESPECIAL SAGRADO CORAZ\u00d3N<\/td><td>14<\/td><\/tr><tr><td>CTE1449<\/td><td>SANTO DOMINGO<\/td><td>ESCUELA B\u00c1SICA CLAUDIO VICU\u00d1A<\/td><td>73<\/td><\/tr><tr><td>CTE0015<\/td><td>VALPARA\u00cdSO<\/td><td>LICEO BICENTENARIO MAR\u00cdTIMO DE VALPARA\u00cdSO\/LICEO MATILDE BRANDAU DE ROSS\/LICEO T\u00c9CNICO DE VALPARA\u00cdSO\/LICEO EDUARDO DE LA BARRA\/INSTITUTO SUPERIOR COMERCIO FCO. ARAYA BENNET<\/td><td>46<\/td><\/tr><tr><td>CTE0931<\/td><td>VALPARA\u00cdSO<\/td><td>LICEO BICENTENARIO INSTITUTO T\u00c9NICO PROFESIONAL MAR\u00cdTIMO DE VALPARA\u00cdSO\/LICEO TECNOL\u00d3GICO ALFREDO NAZAR FERES\/LICEO MAR\u00cdA LUISA BOMBAL<\/td><td>98<\/td><\/tr><tr><td>CTE1287<\/td><td>VALPARA\u00cdSO<\/td><td>COLEGIO NUEVA ERA SIGLO XXI\/LICEO BICENTENARIO INSTITUTO T\u00c9NICO PROFESIONAL MAR\u00cdTIMO DE VALPARA\u00cdSO\/ESC. DE TRIPULANTES Y PORTUARIA DE VALPARA\u00cdSO&nbsp; \/LICEO BICENTENARIO MAR\u00cdTIMO DE VALPARA\u00cdSO\/LICEO EDUARDO DE LA BARRA\/LICEO T\u00c9CNICO DE VALPARA\u00cdSO\/COLEGIO IDA. CONCEPCI\u00d3N NUESTRA SRA. LOURDES\/COLEGIO LAS ACACIAS\/COLEGIO CARLOS COUSI\u00d1O\/INSTITUTO SUP. COMERCIO FCO. ARAYA BENNET \/LICEO COEDUCACIONAL LA IGUALDAD\/COLEGIO SALESIANO VALPARA\u00cdSO\/ESCUELA INDUSTRIAL SUPERIOR DE VALPARA\u00cdSO<\/td><\/tr><\/tbody><\/table><\/figure>\n\n\n\n<p><\/p>\n\n\n\n<p><\/p>\n\n\n\n<p><\/p>\n\n\n\n<figure class=\"wp-block-embed is-type-wp-embed is-provider-g-5-noticias wp-block-embed-g-5-noticias\"><div class=\"wp-block-embed__wrapper\">\n<blockquote class=\"wp-embedded-content\" data-secret=\"Kn58DECDXI\"><a href=\"https:\/\/g5noticias.cl\/2021\/09\/10\/abren-licitaciones-de-13-servicios-de-transporte-escolar-gratuito-en-la-region-de-valparaiso\/\">Abren licitaciones de 13 servicios de transporte escolar gratuito en la regi\u00f3n de Valpara\u00edso<\/a><\/blockquote><iframe loading=\"lazy\" class=\"wp-embedded-content\" sandbox=\"allow-scripts\" security=\"restricted\" style=\"position: absolute; clip: rect(1px, 1px, 1px, 1px);\" title=\"\u00abAbren licitaciones de 13 servicios de transporte escolar gratuito en la regi\u00f3n de Valpara\u00edso\u00bb \u2014 G5noticias\" src=\"https:\/\/g5noticias.cl\/2021\/09\/10\/abren-licitaciones-de-13-servicios-de-transporte-escolar-gratuito-en-la-region-de-valparaiso\/embed\/#?secret=4C5sjTLQ77#?secret=Kn58DECDXI\" data-secret=\"Kn58DECDXI\" width=\"600\" height=\"338\" frameborder=\"0\" marginwidth=\"0\" marginheight=\"0\" scrolling=\"no\"><\/iframe>\n<\/div><\/figure>\n","protected":false},"excerpt":{"rendered":"<p>ESCUELA B\u00c1SICA CLAUDIO VICU\u00d1A Para garantizar que m\u00e1s de 700 estudiantes de localidades apartadas y rurales de la Regi\u00f3n de Valpara\u00edso accedan a sus establecimientos educacionales en 2022, el Ministerio de Transportes&#8230;<\/p>\n","protected":false},"author":1,"featured_media":1015,"comment_status":"closed","ping_status":"closed","sticky":false,"template":"","format":"standard","meta":{"footnotes":""},"categories":[7],"tags":[],"class_list":["post-1012","post","type-post","status-publish","format-standard","has-post-thumbnail","hentry","category-noticias"],"_links":{"self":[{"href":"https:\/\/santonews.cl\/index.php?rest_route=\/wp\/v2\/posts\/1012","targetHints":{"allow":["GET"]}}],"collection":[{"href":"https:\/\/santonews.cl\/index.php?rest_route=\/wp\/v2\/posts"}],"about":[{"href":"https:\/\/santonews.cl\/index.php?rest_route=\/wp\/v2\/types\/post"}],"author":[{"embeddable":true,"href":"https:\/\/santonews.cl\/index.php?rest_route=\/wp\/v2\/users\/1"}],"replies":[{"embeddable":true,"href":"https:\/\/santonews.cl\/index.php?rest_route=%2Fwp%2Fv2%2Fcomments&post=1012"}],"version-history":[{"count":2,"href":"https:\/\/santonews.cl\/index.php?rest_route=\/wp\/v2\/posts\/1012\/revisions"}],"predecessor-version":[{"id":1014,"href":"https:\/\/santonews.cl\/index.php?rest_route=\/wp\/v2\/posts\/1012\/revisions\/1014"}],"wp:featuredmedia":[{"embeddable":true,"href":"https:\/\/santonews.cl\/index.php?rest_route=\/wp\/v2\/media\/1015"}],"wp:attachment":[{"href":"https:\/\/santonews.cl\/index.php?rest_route=%2Fwp%2Fv2%2Fmedia&parent=1012"}],"wp:term":[{"taxonomy":"category","embeddable":true,"href":"https:\/\/santonews.cl\/index.php?rest_route=%2Fwp%2Fv2%2Fcategories&post=1012"},{"taxonomy":"post_tag","embeddable":true,"href":"https:\/\/santonews.cl\/index.php?rest_route=%2Fwp%2Fv2%2Ftags&post=1012"}],"curies":[{"name":"wp","href":"https:\/\/api.w.org\/{rel}","templated":true}]}}